{"id":715,"date":"2019-04-07T12:14:09","date_gmt":"2019-04-07T08:14:09","guid":{"rendered":"https:\/\/azeraskerov.az\/?p=715"},"modified":"2019-04-07T12:22:31","modified_gmt":"2019-04-07T08:22:31","slug":"enenevi-raquf-orucov-kuboku-beynelxalq-turniri-kecirilecek","status":"publish","type":"post","link":"https:\/\/azeraskerov.az\/en\/enenevi-raquf-orucov-kuboku-beynelxalq-turniri-kecirilecek\/","title":{"rendered":"\u018fn\u0259n\u0259vi \u201cRaquf Orucov Kuboku\u201d beyn\u0259lxalq turniri ke\u00e7iril\u0259c\u0259k"},"content":{"rendered":"<p>D\u00fc\u015fm\u0259n t\u0259xribat\u0131n\u0131n qar\u015f\u0131n\u0131 almaq \u00fc\u00e7\u00fcn Az\u0259rbaycan Ordusunun 2016-c\u0131 ilin aprelind\u0259 ke\u00e7irdiyi u\u011furlu d\u00f6y\u00fc\u015f \u0259m\u0259liyyatlar\u0131 m\u00fcasir h\u0259rb tariximizin \u015fanl\u0131 s\u0259hif\u0259sidir. Bu \u0259m\u0259liyyatlar n\u0259tic\u0259sind\u0259 F\u00fczuli, C\u0259bray\u0131l v\u0259 A\u011fd\u0259r\u0259 rayonlar\u0131n\u0131n i\u015f\u011faldan azad edilmi\u015f \u0259razil\u0259rind\u0259 indi \u00fc\u00e7r\u0259ngli bayra\u011f\u0131m\u0131z dal\u011falan\u0131r.<\/p>\n<p>Q\u0259l\u0259b\u0259 u\u011frunda can\u0131n\u0131 qurban ver\u0259n \u015f\u0259hidl\u0259rimizin xatir\u0259si daim ehtiramla yad edilir, onlar\u0131n q\u0259hr\u0259manl\u0131q n\u00fcmun\u0259si g\u0259ncl\u0259rimizin v\u0259t\u0259n\u0259 m\u0259h\u0259bb\u0259t ruhunda t\u0259rbiy\u0259 olunmas\u0131nda m\u00fch\u00fcm rol oynay\u0131r. \u015e\u0259r\u0259fli zabit \u00f6mr\u00fc ya\u015fam\u0131\u015f v\u0259 Aprel d\u00f6y\u00fc\u015fl\u0259rind\u0259 \u015f\u0259hid olmu\u015f \u0259fsan\u0259vi k\u0259\u015ffiyyat\u00e7\u0131, polkovnik-leytenant Raquf Orucov da bel\u0259 q\u0259hr\u0259manlardand\u0131r.<\/p>\n<p>\u201cAzman Holdinq\u201din t\u0259rkibin\u0259 daxil olan \u201cJudo Club 2012\u201d idman klubu bu il aprelin 16-17-d\u0259 Bak\u0131 \u0130dman Saray\u0131nda Raquf Orucov v\u0259 dig\u0259r Aprel \u015f\u0259hidl\u0259rinin xatir\u0259sin\u0259 h\u0259sr olunmu\u015f III beyn\u0259lxalq \u201cRaquf Orucov Kuboku\u201d (&#8220;Raguf Orujov Cup&#8221;) c\u00fcdo turniri ke\u00e7ir\u0259c\u0259kdir. Az\u0259rbaycan Respublikas\u0131n\u0131n G\u0259ncl\u0259r v\u0259 \u0130dman Nazirliyinin, Az\u0259rbaycan C\u00fcdo Federasiyas\u0131n\u0131n d\u0259st\u0259yi il\u0259 t\u0259\u015fkil olunacaq turnird\u0259 ya\u015f\u0131 21-d\u0259k (U-21) olan g\u0259ncl\u0259rd\u0259n ibar\u0259t 16 klub komandas\u0131 i\u015ftirak ed\u0259c\u0259kdir.<\/p>\n<p>\u018fn\u0259n\u0259vi turnird\u0259 Bak\u0131 \u015f\u0259h\u0259rini v\u0259 b\u00f6lg\u0259l\u0259imizi t\u0259msil ed\u0259n komandalarla birlikd\u0259 qon\u015fu \u00f6lk\u0259l\u0259rin &#8211; T\u00fcrkiy\u0259nin, Rusiyan\u0131n, Qazax\u0131stan\u0131n, \u0130ran\u0131n v\u0259 G\u00fcrc\u00fcstan\u0131n klub komandalar\u0131n\u0131n da i\u015ftirak ed\u0259c\u0259yi \u00a0g\u00f6zl\u0259nilir.<\/p>\n<p>\u015e\u0259hidl\u0259rimizin xatir\u0259sin\u0259 h\u00f6rm\u0259t v\u0259 ehtiram \u0259lam\u0259ti olaraq ke\u00e7iril\u0259n turnirin m\u0259qs\u0259di g\u0259ncl\u0259r\u0259 v\u0259t\u0259np\u0259rv\u0259rlik hissi v\u0259 d\u00f6y\u00fc\u015f ruhu a\u015f\u0131lamaq, onlar\u0131n V\u0259t\u0259nin m\u00fcdafi\u0259sin\u0259 haz\u0131rl\u0131q s\u0259viyy\u0259sini art\u0131rmaq, h\u0259m\u00e7inin idman\u00e7\u0131lar aras\u0131nda dostluq v\u0259 yolda\u015fl\u0131q hissl\u0259rini m\u00f6hk\u0259ml\u0259ndirm\u0259kdir.<\/p>\n","protected":false},"excerpt":{"rendered":"<p>D\u00fc\u015fm\u0259n t\u0259xribat\u0131n\u0131n qar\u015f\u0131n\u0131 almaq \u00fc\u00e7\u00fcn Az\u0259rbaycan Ordusunun 2016-c\u0131 ilin aprelind\u0259 ke\u00e7irdiyi u\u011furlu d\u00f6y\u00fc\u015f \u0259m\u0259liyyatlar\u0131 m\u00fcasir h\u0259rb tariximizin \u015fanl\u0131 s\u0259hif\u0259sidir. Bu \u0259m\u0259liyyatlar n\u0259tic\u0259sind\u0259 F\u00fczuli, C\u0259bray\u0131l v\u0259 A\u011fd\u0259r\u0259 rayonlar\u0131n\u0131n i\u015f\u011faldan azad edilmi\u015f \u0259razil\u0259rind\u0259 indi \u00fc\u00e7r\u0259ngli bayra\u011f\u0131m\u0131z dal\u011falan\u0131r. Q\u0259l\u0259b\u0259 u\u011frunda can\u0131n\u0131 qurban ver\u0259n \u015f\u0259hidl\u0259rimizin xatir\u0259si daim ehtiramla yad edilir, onlar\u0131n q\u0259hr\u0259manl\u0131q n\u00fcmun\u0259si g\u0259ncl\u0259rimizin v\u0259t\u0259n\u0259 m\u0259h\u0259bb\u0259t ruhunda t\u0259rbiy\u0259 olunmas\u0131nda<\/p>\n","protected":false},"author":1,"featured_media":718,"comment_status":"open","ping_status":"open","sticky":false,"template":"","format":"gallery","meta":{"footnotes":""},"categories":[1],"tags":[508],"class_list":["post-715","post","type-post","status-publish","format-gallery","has-post-thumbnail","hentry","category-news","tag-raquf-orucov","post_format-post-format-gallery"],"_links":{"self":[{"href":"https:\/\/azeraskerov.az\/en\/wp-json\/wp\/v2\/posts\/715","targetHints":{"allow":["GET"]}}],"collection":[{"href":"https:\/\/azeraskerov.az\/en\/wp-json\/wp\/v2\/posts"}],"about":[{"href":"https:\/\/azeraskerov.az\/en\/wp-json\/wp\/v2\/types\/post"}],"author":[{"embeddable":true,"href":"https:\/\/azeraskerov.az\/en\/wp-json\/wp\/v2\/users\/1"}],"replies":[{"embeddable":true,"href":"https:\/\/azeraskerov.az\/en\/wp-json\/wp\/v2\/comments?post=715"}],"version-history":[{"count":0,"href":"https:\/\/azeraskerov.az\/en\/wp-json\/wp\/v2\/posts\/715\/revisions"}],"wp:featuredmedia":[{"embeddable":true,"href":"https:\/\/azeraskerov.az\/en\/wp-json\/wp\/v2\/media\/718"}],"wp:attachment":[{"href":"https:\/\/azeraskerov.az\/en\/wp-json\/wp\/v2\/media?parent=715"}],"wp:term":[{"taxonomy":"category","embeddable":true,"href":"https:\/\/azeraskerov.az\/en\/wp-json\/wp\/v2\/categories?post=715"},{"taxonomy":"post_tag","embeddable":true,"href":"https:\/\/azeraskerov.az\/en\/wp-json\/wp\/v2\/tags?post=715"}],"curies":[{"name":"wp","href":"https:\/\/api.w.org\/{rel}","templated":true}]}}